{"id":18790,"date":"2026-09-04T14:36:27","date_gmt":"2026-09-04T14:36:27","guid":{"rendered":"https:\/\/www.ilquindicinale.com\/sgf\/?p=18790"},"modified":"2026-09-04T14:36:27","modified_gmt":"2026-09-04T14:36:27","slug":"agriworld-expo-2026-si-rafforza-lasse-tra-regione-calabria-e-universita-del-mezzogiorno-sul-tema-dellacqua-in-agricoltura","status":"publish","type":"post","link":"https:\/\/www.ilquindicinale.com\/sgf\/attualita\/agriworld-expo-2026-si-rafforza-lasse-tra-regione-calabria-e-universita-del-mezzogiorno-sul-tema-dellacqua-in-agricoltura\/","title":{"rendered":"Agriworld Expo 2026, si rafforza l&#8217;asse tra Regione Calabria e Universit\u00e0 del Mezzogiorno sul tema dell&#8217;acqua in agricoltura"},"content":{"rendered":"<p><strong>Agriworld Expo 2026, si rafforza l&#8217;asse tra Regione Calabria e<\/strong> <strong>Universit\u00e0 del Mezzogiorno sul tema dell&#8217;acqua in agricoltura<\/strong><\/p>\n<p>Siccit\u00e0 prolungata, temperature sopra la media, riserve idriche ai minimi e un&#8217;agricoltura chiamata a fare i conti, ormai da troppi mesi, con eventi climatici sempre pi\u00f9 estremi: \u00e8 lo scenario in cui si inserisce <strong>&#8220;Terre<\/strong> <strong>Assetate&#8221;,<\/strong> il tema scelto per l&#8217;edizione 2026 di <strong>Agriworld<\/strong> <strong>Expo<\/strong>: una scelta non casuale, che nasce dalla necessit\u00e0 di offrire una lettura nazionale a una condizione critica per il sistema agroalimentare italiano e che il Mezzogiorno, tra siccit\u00e0 ricorrenti e infrastrutture idriche da ammodernare, vive con particolare intensit\u00e0.<\/p>\n<p>&nbsp;<\/p>\n<p>&nbsp;<\/p>\n<p><strong>RENDE (COSENZA) <\/strong>&#8211; Cresce l&#8217;attesa per<strong> Agriworld Expo 2026, <\/strong>in programma l&#8217;<strong>8 e 9 ottobre<\/strong> <strong>all&#8217;Universit\u00e0<\/strong> <strong>della<\/strong> <strong>Calabria,<\/strong> l&#8217;evento nazionale dedicato all&#8217;innovazione e allo sviluppo del sistema agroalimentare che quest&#8217;anno affronta, appunto, il tema delle <strong>&#8220;Terre<\/strong> <strong>Assetate&#8221;.<\/strong><\/p>\n<p>La sessione di apertura, in programma gioved\u00ec 8 ottobre, sar\u00e0 dedicata al confronto tra istituzioni, ricerca e imprese sulle alleanze strategiche necessarie ad affrontare la scarsit\u00e0 delle risorse idriche e gli effetti dei cambiamenti climatici sull&#8217;agricoltura.<\/p>\n<p>Tra i protagonisti del confronto, l&#8217;<strong>Assessore all&#8217;Agricoltura e alle Risorse Agroalimentari<\/strong> <strong>della<\/strong> <strong>Regione<\/strong> <strong>Calabria,<\/strong> <strong>Gianluca Gallo<\/strong>, che interverr\u00e0 con una relazione dedicata alle strategie regionali e alle priorit\u00e0 operative per un&#8217;agricoltura resiliente.<\/p>\n<p><em>&#8220;Le <strong>Terre Assetate<\/strong> raccontano una sfida che riguarda l&#8217;intero sistema agricolo mediterraneo&#8221; &#8211; dichiara Gianluca Gallo. &#8220;Come Regione stiamo lavorando per costruire un modello di gestione della risorsa idrica che tenga insieme innovazione, infrastrutture e sostegno alle imprese. Non possiamo pi\u00f9 permetterci di affrontare la scarsit\u00e0 d&#8217;acqua come un&#8217;emergenza continua: serve una programmazione di medio-lungo periodo, che metta insieme investimenti, ricerca e capacit\u00e0 delle imprese di innovarsi. <strong>Agriworld Expo<\/strong> \u00e8 l&#8217;occasione giusta per mettere a confronto le nostre priorit\u00e0 operative con quelle di altri territori e per rafforzare un dialogo che deve necessariamente superare i confini regionali. La Calabria vuole essere protagonista di questo percorso, mettendo a disposizione l&#8217;esperienza maturata sul campo e il lavoro fatto insieme ai nostri enti strumentali e al mondo della ricerca.&#8221;<\/em><\/p>\n<p><strong>Il tema della gestione dell&#8217;acqua <\/strong>unisce da tempo la<strong> Calabria <\/strong>ad altre aree del<strong> Mezzogiorno<\/strong> alle prese con le stesse criticit\u00e0 climatiche e produttive.<\/p>\n<p>Non a caso, tra gli elementi pi\u00f9 significativi dell&#8217;edizione 2026 vi \u00e8 la partecipazione di <strong>importanti atenei del Sud Italia, <\/strong>che affiancheranno l&#8217;<strong>Universit\u00e0 della Calabria <\/strong>nel confronto sui temi della ricerca, dell&#8217;innovazione e del trasferimento tecnologico applicato all&#8217;agricoltura: dall&#8217;<strong>Universit\u00e0 Mediterranea di Reggio Calabria <\/strong>all&#8217;<strong>Universit\u00e0 degli Studi<\/strong> <strong>della<\/strong> <strong>Basilicata,<\/strong> fino ai Dipartimenti calabresi impegnati su intelligenza artificiale e gestione intelligente delle risorse idriche.<\/p>\n<p>Un network accademico che testimonia la volont\u00e0 di fare del <strong>Mezzogiorno<\/strong> un laboratorio di innovazione per l&#8217;<strong>agricoltura mediterranea<\/strong>, capace di trasformare una criticit\u00e0 comune, la scarsit\u00e0 d&#8217;acqua, in un terreno di ricerca, sperimentazione e crescita condivisa.<\/p>\n<p>Anche gli organizzatori di<strong> Agriworld Expo<\/strong>,<strong> Antonio Bruno<\/strong> e<strong> Donato Lisanti<\/strong>, sottolineano la portata dell&#8217;appuntamento: <em>&#8220;Ogni edizione della manifestazione nasce per dare risposte<\/em> <em>concrete alle sfide del sistema agroalimentare. Quest&#8217;anno il tema delle Terre Assetate ci<\/em> <em>permette di mettere in relazione territori, competenze e generazioni diverse, dai grandi player<\/em> <em>istituzionali alle imprese, fino agli studenti che animeranno il <strong>Campus<\/strong> <strong>di<\/strong> <strong>Arcavacata.<\/strong> \u00c8 un<\/em> <em>modo per raccontare che l&#8217;innovazione in agricoltura nasce anche, e soprattutto, dalla<\/em> <em>capacit\u00e0 di fare rete.&#8221;<\/em><\/p>\n<p>Due giornate che si preannunciano dense di appuntamenti, tra conferenze, seminari, workshop e i format <strong>Agriworld<\/strong> <strong>Talk<\/strong> e <strong>Agriworld<\/strong> <strong>On<\/strong> <strong>Tour,<\/strong> pensati per raccontare le migliori esperienze imprenditoriali del territorio e per rafforzare il legame tra ricerca, innovazione e sviluppo rurale. Il programma completo di <strong>Agriworld<\/strong> <strong>Expo<\/strong> <strong>2026,<\/strong> con tutti i relatori, le autorit\u00e0 presenti e gli appuntamenti in calendario, sar\u00e0 reso noto nelle prossime settimane.<\/p>\n","protected":false},"excerpt":{"rendered":"<p>Agriworld Expo 2026, si rafforza l&#8217;asse tra Regione Calabria e Universit\u00e0 del Mezzogiorno sul tema dell&#8217;acqua in agricoltura Siccit\u00e0 prolungata, temperature sopra la media, riserve idriche ai minimi e un&#8217;agricoltura chiamata a fare i conti, ormai da troppi mesi, con eventi climatici sempre pi\u00f9 estremi: \u00e8 lo scenario in cui si inserisce &#8220;Terre Assetate&#8221;, il [&hellip;]<\/p>\n","protected":false},"author":6,"featured_media":18791,"comment_status":"closed","ping_status":"closed","sticky":false,"template":"","format":"standard","meta":{"_et_pb_use_builder":"","_et_pb_old_content":"","_et_gb_content_width":"","footnotes":""},"categories":[948],"tags":[],"class_list":["post-18790","post","type-post","status-publish","format-standard","has-post-thumbnail","hentry","category-attualita","et-has-post-format-content","et_post_format-et-post-format-standard"],"_links":{"self":[{"href":"https:\/\/www.ilquindicinale.com\/sgf\/wp-json\/wp\/v2\/posts\/18790","targetHints":{"allow":["GET"]}}],"collection":[{"href":"https:\/\/www.ilquindicinale.com\/sgf\/wp-json\/wp\/v2\/posts"}],"about":[{"href":"https:\/\/www.ilquindicinale.com\/sgf\/wp-json\/wp\/v2\/types\/post"}],"author":[{"embeddable":true,"href":"https:\/\/www.ilquindicinale.com\/sgf\/wp-json\/wp\/v2\/users\/6"}],"replies":[{"embeddable":true,"href":"https:\/\/www.ilquindicinale.com\/sgf\/wp-json\/wp\/v2\/comments?post=18790"}],"version-history":[{"count":1,"href":"https:\/\/www.ilquindicinale.com\/sgf\/wp-json\/wp\/v2\/posts\/18790\/revisions"}],"predecessor-version":[{"id":18792,"href":"https:\/\/www.ilquindicinale.com\/sgf\/wp-json\/wp\/v2\/posts\/18790\/revisions\/18792"}],"wp:featuredmedia":[{"embeddable":true,"href":"https:\/\/www.ilquindicinale.com\/sgf\/wp-json\/wp\/v2\/media\/18791"}],"wp:attachment":[{"href":"https:\/\/www.ilquindicinale.com\/sgf\/wp-json\/wp\/v2\/media?parent=18790"}],"wp:term":[{"taxonomy":"category","embeddable":true,"href":"https:\/\/www.ilquindicinale.com\/sgf\/wp-json\/wp\/v2\/categories?post=18790"},{"taxonomy":"post_tag","embeddable":true,"href":"https:\/\/www.ilquindicinale.com\/sgf\/wp-json\/wp\/v2\/tags?post=18790"}],"curies":[{"name":"wp","href":"https:\/\/api.w.org\/{rel}","templated":true}]}}