{"id":18787,"date":"2026-09-04T14:34:00","date_gmt":"2026-09-04T14:34:00","guid":{"rendered":"https:\/\/www.ilquindicinale.com\/sgf\/?p=18787"},"modified":"2026-09-04T14:34:00","modified_gmt":"2026-09-04T14:34:00","slug":"comunicato-stampa-congiunto-xylella-a-taurianova-scienza-tempestivita-e-responsabilita-per-difendere-lolivicoltura-calabrese","status":"publish","type":"post","link":"https:\/\/www.ilquindicinale.com\/sgf\/attualita\/comunicato-stampa-congiunto-xylella-a-taurianova-scienza-tempestivita-e-responsabilita-per-difendere-lolivicoltura-calabrese\/","title":{"rendered":"COMUNICATO STAMPA CONGIUNTO  Xylella a Taurianova: scienza, tempestivit\u00e0 e responsabilit\u00e0 per difendere l&#8217;olivicoltura calabrese"},"content":{"rendered":"<p><strong>COMUNICATO STAMPA CONGIUNTO<\/strong><\/p>\n<p><strong>Xylella a Taurianova: scienza, tempestivit\u00e0 e responsabilit\u00e0 per difendere l&#8217;olivicoltura calabrese<\/strong><\/p>\n<p><em>La Federazione regionale degli Ordini dei Dottori Agronomi e dei Dottori Forestali della Calabria: gli Agronomi si attivano accanto alle istituzioni e alle aziende olivicole e mettono le proprie competenze al loro servizio<\/em><\/p>\n<p><strong>3 SETTEMBRE 2026 | DIFFUSIONE IMMEDIATA<\/strong><\/p>\n<p><strong><em>\u00abLa scienza deve orientare le decisioni, le istituzioni devono garantirne l&#8217;attuazione e il sistema professionale deve tradurle in interventi corretti sul territorio.\u00bb<\/em><\/strong><\/p>\n<p><strong>Reggio Calabria, 3 settembre 2026<\/strong> &#8211; La conferma della presenza di Xylella fastidiosa sottospecie pauca in agro di Taurianova impone una risposta immediata, coordinata e rigorosamente fondata sulle evidenze scientifiche. Non \u00e8 questo il momento n\u00e9 dell&#8217;allarmismo n\u00e9 della sottovalutazione: occorre applicare con tempestivit\u00e0 le misure previste, rafforzare la sorveglianza e mettere la ricerca scientifica al centro di ogni decisione.<\/p>\n<p>\u00c8 quanto dichiara il presidente della Federazione regionale degli Ordini dei Dottori Agronomi e dei Dottori Forestali della Calabria, Alessandro Guagliardi a seguito dell&#8217;adozione del Decreto dirigenziale della Regione Calabria n. 14746 del 1\u00b0 settembre 2026.<\/p>\n<h2>L&#8217;accertamento scientifico e la delimitazione del focolaio<\/h2>\n<p>Il provvedimento regionale ha individuato il focolaio in contrada Olivetella, nel Comune di Taurianova, a seguito di un&#8217;attivit\u00e0 diagnostica articolata, avviata dopo una segnalazione privata e sviluppata attraverso sopralluoghi, campionamenti e analisi molecolari condotte da laboratori ufficiali. Su 35 piante campionate, appartenenti all&#8217;olivo e ad altre specie ospiti, \u00e8 stata confermata la positivit\u00e0 di sette piante di olivo. Gli esiti sono stati validati dal Laboratorio fitosanitario ufficiale operante per la Regione Calabria e dal Laboratorio nazionale di riferimento del CREA Difesa e Certificazione.<\/p>\n<p>Si tratta di un risultato fondato su protocolli diagnostici ufficiali e su metodiche molecolari riconosciute, tra cui RT-LAMP e Real-Time PCR. \u00c8 su questi dati, e non su valutazioni empiriche o percezioni individuali, che devono essere costruite le successive decisioni.<\/p>\n<p>Il decreto istituisce una zona infetta con raggio di 50 metri intorno alle piante risultate positive e una zona cuscinetto della larghezza di 2,5 chilometri, comprendente porzioni dei territori comunali di Taurianova, Cittanova e Terranova Sappo Minulio. Nella zona infetta trovano applicazione le misure di eradicazione previste dal Regolamento di esecuzione (UE) 2020\/1201, mentre nella zona cuscinetto dovr\u00e0 essere attuato un monitoraggio fitosanitario intensivo. Nelle aree delimitate \u00e8 inoltre disposto il divieto di movimentazione, da parte degli operatori professionali e dei centri di giardinaggio, delle piante specificate sensibili alla sottospecie individuata.<\/p>\n<h2>Il Piano d&#8217;azione regionale per l&#8217;eradicazione<\/h2>\n<p>A rendere operative le misure \u00e8 il <strong>Piano d&#8217;azione per l&#8217;eradicazione del focolaio di Xylella fastidiosa in Calabria<\/strong>, predisposto dal Servizio fitosanitario regionale e acquisito al protocollo regionale n. 718939 del 2 settembre 2026. Il documento definisce responsabilit\u00e0, procedure di eradicazione e distruzione, modalit\u00e0 di notifica ai proprietari, monitoraggio e controllo dei vettori, limitazioni alla movimentazione, controlli ufficiali, comunicazione e risorse necessarie. L&#8217;obiettivo prioritario \u00e8 eliminare il focolaio, proteggere le aree indenni e impedire la diffusione del batterio nel resto del territorio regionale e dell&#8217;Unione europea.<\/p>\n<p>La sorveglianza \u00e8 impostata secondo criteri statisticamente solidi e basati sul rischio indicati dall&#8217;EFSA. La delimitazione potr\u00e0 essere revocata soltanto se le indagini non rileveranno il batterio per quattro anni consecutivi: un orizzonte temporale che conferma come il controllo dell&#8217;emergenza richieda continuit\u00e0 scientifica e operativa.<\/p>\n","protected":false},"excerpt":{"rendered":"<p>COMUNICATO STAMPA CONGIUNTO Xylella a Taurianova: scienza, tempestivit\u00e0 e responsabilit\u00e0 per difendere l&#8217;olivicoltura calabrese La Federazione regionale degli Ordini dei Dottori Agronomi e dei Dottori Forestali della Calabria: gli Agronomi si attivano accanto alle istituzioni e alle aziende olivicole e mettono le proprie competenze al loro servizio 3 SETTEMBRE 2026 | DIFFUSIONE IMMEDIATA \u00abLa scienza [&hellip;]<\/p>\n","protected":false},"author":6,"featured_media":18788,"comment_status":"closed","ping_status":"closed","sticky":false,"template":"","format":"standard","meta":{"_et_pb_use_builder":"","_et_pb_old_content":"","_et_gb_content_width":"","footnotes":""},"categories":[948],"tags":[],"class_list":["post-18787","post","type-post","status-publish","format-standard","has-post-thumbnail","hentry","category-attualita","et-has-post-format-content","et_post_format-et-post-format-standard"],"_links":{"self":[{"href":"https:\/\/www.ilquindicinale.com\/sgf\/wp-json\/wp\/v2\/posts\/18787","targetHints":{"allow":["GET"]}}],"collection":[{"href":"https:\/\/www.ilquindicinale.com\/sgf\/wp-json\/wp\/v2\/posts"}],"about":[{"href":"https:\/\/www.ilquindicinale.com\/sgf\/wp-json\/wp\/v2\/types\/post"}],"author":[{"embeddable":true,"href":"https:\/\/www.ilquindicinale.com\/sgf\/wp-json\/wp\/v2\/users\/6"}],"replies":[{"embeddable":true,"href":"https:\/\/www.ilquindicinale.com\/sgf\/wp-json\/wp\/v2\/comments?post=18787"}],"version-history":[{"count":1,"href":"https:\/\/www.ilquindicinale.com\/sgf\/wp-json\/wp\/v2\/posts\/18787\/revisions"}],"predecessor-version":[{"id":18789,"href":"https:\/\/www.ilquindicinale.com\/sgf\/wp-json\/wp\/v2\/posts\/18787\/revisions\/18789"}],"wp:featuredmedia":[{"embeddable":true,"href":"https:\/\/www.ilquindicinale.com\/sgf\/wp-json\/wp\/v2\/media\/18788"}],"wp:attachment":[{"href":"https:\/\/www.ilquindicinale.com\/sgf\/wp-json\/wp\/v2\/media?parent=18787"}],"wp:term":[{"taxonomy":"category","embeddable":true,"href":"https:\/\/www.ilquindicinale.com\/sgf\/wp-json\/wp\/v2\/categories?post=18787"},{"taxonomy":"post_tag","embeddable":true,"href":"https:\/\/www.ilquindicinale.com\/sgf\/wp-json\/wp\/v2\/tags?post=18787"}],"curies":[{"name":"wp","href":"https:\/\/api.w.org\/{rel}","templated":true}]}}