{"id":18784,"date":"2026-09-04T14:29:43","date_gmt":"2026-09-04T14:29:43","guid":{"rendered":"https:\/\/www.ilquindicinale.com\/sgf\/?p=18784"},"modified":"2026-09-04T14:29:43","modified_gmt":"2026-09-04T14:29:43","slug":"xylella-coldiretti-calabria-bene-la-risposta-tempestiva-della-regione-subito-al-fianco-delle-imprese","status":"publish","type":"post","link":"https:\/\/www.ilquindicinale.com\/sgf\/attualita\/xylella-coldiretti-calabria-bene-la-risposta-tempestiva-della-regione-subito-al-fianco-delle-imprese\/","title":{"rendered":"XYLELLA: COLDIRETTI CALABRIA, BENE LA RISPOSTA TEMPESTIVA DELLA REGIONE. SUBITO AL FIANCO DELLE IMPRESE"},"content":{"rendered":"<p>XYLELLA: COLDIRETTI CALABRIA, BENE LA RISPOSTA TEMPESTIVA DELLA REGIONE. SUBITO AL FIANCO DELLE IMPRESE<\/p>\n<p>&nbsp;<\/p>\n<p>Aceto: \u00abAttenzione alta e massimo coordinamento, senza allarmismi. La nostra rete \u00e8 a disposizione di produttori e istituzioni\u00bb<\/p>\n<p>&nbsp;<\/p>\n<p>Coldiretti Calabria apprezza il lavoro di monitoraggio e l\u2019appropriato intervento del Dipartimento Agricoltura grazie al quale \u00e8 stato possibile una identificazione tempestiva del focolaio di xylella fastidiosa in contrada Olivetella, nel territorio di Taurianova (RC). Valuta positivamente l\u2019 attivazione da parte della Regione Calabria del tavolo di crisi e delle misure fitosanitarie previste a seguito dell\u2019individuazione del focolaio della fitopatia che pu\u00f2 diventare implacabile.<\/p>\n<p>Il decreto regionale, a seguito dei controlli, ha sancito la presenza del batterio su sette piante di olivo delle 35 campionate e ha delimitato una zona infetta di 50 metri e una zona cuscinetto di 2,5 chilometri, che interessa porzioni dei territori di Taurianova, Cittanova e Terranova Sappo Minulio nella provincia reggina. Sono previste le misure di eradicazione nell\u2019area interessata e un\u2019attivit\u00e0 rafforzata di monitoraggio nella zona cuscinetto.<\/p>\n<p>Coldiretti Calabria attiver\u00e0 immediatamente la propria rete territoriale, a partire dalla Federazione provinciale di Reggio Calabria, per informare e assistere le imprese e favorire la piena applicazione delle prescrizioni fitosanitarie. Saranno inoltre promossi momenti di confronto con i produttori, in stretto raccordo con le strutture regionali competenti.<\/p>\n<p>\u00abLa rapidit\u00e0 con cui la Regione ha attivato il tavolo di crisi e adottato le misure previste \u00e8 essenziale \u2013 <strong>dichiara il presidente di Coldiretti Calabria, Franco Aceto<\/strong>. Adesso occorre proseguire con determinazione nel monitoraggio e nelle azioni di contenimento. Coldiretti far\u00e0 la propria parte mettendo a disposizione organizzazione, assistenza tecnica e presenza capillare sul territorio\u00bb.<\/p>\n<p>\u00ab\u00c8 importante mantenere alta l\u2019attenzione, ma senza generare allarmismi \u2013 prosegue Aceto \u2013. Siamo di fronte a un focolaio individuato e sul quale si sta intervenendo tempestivamente per evitare nel modo pi\u00f9 assoluto l\u2019estendersi della contaminazione. La priorit\u00e0 \u00e8 accompagnare le aziende, fornire informazioni chiare e mettere in campo tutte le competenze per evitare errori ed incertezze.<\/p>\n<p>Fondamentale \u00e8 il contributo del Servizio fitosanitario regionale, delle Universit\u00e0 calabresi, del CREA e degli organismi di ricerca, per rafforzare monitoraggio, capacit\u00e0 diagnostica e ricerca. Coldiretti Calabria conferma la piena disponibilit\u00e0 a collaborare con la Regione e con tutte le istituzioni coinvolte.<\/p>\n<p>Tempestivit\u00e0, monitoraggio, ricerca e collaborazione sono gli strumenti per affrontare questa fase con efficacia, tutelando le imprese e il patrimonio olivicolo calabrese da quello che in altre parti hanno definito il boia degli ulivi.<\/p>\n<p>&nbsp;<\/p>\n<p>&nbsp;<\/p>\n<ol start=\"3\">\n<li>09\/2026 Ufficio Stampa Coldiretti Calabria<\/li>\n<\/ol>\n","protected":false},"excerpt":{"rendered":"<p>XYLELLA: COLDIRETTI CALABRIA, BENE LA RISPOSTA TEMPESTIVA DELLA REGIONE. SUBITO AL FIANCO DELLE IMPRESE &nbsp; Aceto: \u00abAttenzione alta e massimo coordinamento, senza allarmismi. La nostra rete \u00e8 a disposizione di produttori e istituzioni\u00bb &nbsp; Coldiretti Calabria apprezza il lavoro di monitoraggio e l\u2019appropriato intervento del Dipartimento Agricoltura grazie al quale \u00e8 stato possibile una identificazione [&hellip;]<\/p>\n","protected":false},"author":6,"featured_media":18785,"comment_status":"closed","ping_status":"closed","sticky":false,"template":"","format":"standard","meta":{"_et_pb_use_builder":"","_et_pb_old_content":"","_et_gb_content_width":"","footnotes":""},"categories":[948],"tags":[],"class_list":["post-18784","post","type-post","status-publish","format-standard","has-post-thumbnail","hentry","category-attualita","et-has-post-format-content","et_post_format-et-post-format-standard"],"_links":{"self":[{"href":"https:\/\/www.ilquindicinale.com\/sgf\/wp-json\/wp\/v2\/posts\/18784","targetHints":{"allow":["GET"]}}],"collection":[{"href":"https:\/\/www.ilquindicinale.com\/sgf\/wp-json\/wp\/v2\/posts"}],"about":[{"href":"https:\/\/www.ilquindicinale.com\/sgf\/wp-json\/wp\/v2\/types\/post"}],"author":[{"embeddable":true,"href":"https:\/\/www.ilquindicinale.com\/sgf\/wp-json\/wp\/v2\/users\/6"}],"replies":[{"embeddable":true,"href":"https:\/\/www.ilquindicinale.com\/sgf\/wp-json\/wp\/v2\/comments?post=18784"}],"version-history":[{"count":1,"href":"https:\/\/www.ilquindicinale.com\/sgf\/wp-json\/wp\/v2\/posts\/18784\/revisions"}],"predecessor-version":[{"id":18786,"href":"https:\/\/www.ilquindicinale.com\/sgf\/wp-json\/wp\/v2\/posts\/18784\/revisions\/18786"}],"wp:featuredmedia":[{"embeddable":true,"href":"https:\/\/www.ilquindicinale.com\/sgf\/wp-json\/wp\/v2\/media\/18785"}],"wp:attachment":[{"href":"https:\/\/www.ilquindicinale.com\/sgf\/wp-json\/wp\/v2\/media?parent=18784"}],"wp:term":[{"taxonomy":"category","embeddable":true,"href":"https:\/\/www.ilquindicinale.com\/sgf\/wp-json\/wp\/v2\/categories?post=18784"},{"taxonomy":"post_tag","embeddable":true,"href":"https:\/\/www.ilquindicinale.com\/sgf\/wp-json\/wp\/v2\/tags?post=18784"}],"curies":[{"name":"wp","href":"https:\/\/api.w.org\/{rel}","templated":true}]}}