{"id":18775,"date":"2026-09-03T07:24:47","date_gmt":"2026-09-03T07:24:47","guid":{"rendered":"https:\/\/www.ilquindicinale.com\/sgf\/?p=18775"},"modified":"2026-09-03T07:24:47","modified_gmt":"2026-09-03T07:24:47","slug":"la-patata-della-sila-protagonista-a-celico-venerdi-4-settembre-il-convegno-filiera-identita-e-futuro","status":"publish","type":"post","link":"https:\/\/www.ilquindicinale.com\/sgf\/attualita\/la-patata-della-sila-protagonista-a-celico-venerdi-4-settembre-il-convegno-filiera-identita-e-futuro\/","title":{"rendered":"La Patata della Sila protagonista a Celico: venerd\u00ec 4 settembre il convegno &#8220;Filiera, Identit\u00e0 e Futuro&#8221;"},"content":{"rendered":"<p><strong>La Patata della Sila protagonista a Celico: venerd\u00ec 4 settembre il convegno &#8220;Filiera, Identit\u00e0 e Futuro&#8221;<\/strong><\/p>\n<p><strong>L\u2019evento nell&#8217;ambito del Lagar\u00f2 Experience \u2013 Festival della Patata della Sila<\/strong><\/p>\n<p>&nbsp;<\/p>\n<p>C&#8217;\u00e8 un prodotto, in <strong>Calabria<\/strong>, che negli anni \u00e8 riuscito a fare quello che a pochi riesce davvero: trasformare un nome geografico in un marchio riconosciuto, in <strong>Italia<\/strong> e all&#8217;estero: \u00e8 la <strong>Patata della Sila<\/strong>, e a raccontare la storia di questo successo \u2014 e i progetti per farlo crescere ancora \u2014 sar\u00e0 il convegno <strong>&#8220;La Patata della Sila: filiera, identit\u00e0 e futuro&#8221;<\/strong>, in programma <strong>venerd\u00ec 4 settembre<\/strong> alle <strong>ore 18:00<\/strong> a <strong>Lagar\u00f2 Lupinacci<\/strong>, frazione di <strong>Celico<\/strong>, nel <strong>Lagar\u00f2 Experience \u2013 Festival della Patata della Sila<\/strong>.<\/p>\n<p>L&#8217;iniziativa porta la firma di una rete di soggetti che sulla <strong>Sila<\/strong>, sull&#8217;<strong>agricoltura di montagna<\/strong> e sull&#8217;<strong>identit\u00e0 calabrese<\/strong> investono da tempo con progetti concreti: il <strong>Comune di Celico<\/strong>, il <strong>GAL Sila<\/strong>, motore di sviluppo e coesione per le aree interne, e l&#8217;<strong>ARSAC<\/strong>, (<strong><em>Azienda Regionale per lo Sviluppo dell&#8217;Agricoltura Calabrese<\/em><\/strong>), impegnata quotidianamente nel trasferimento di innovazione alle imprese agricole.<\/p>\n<p>Il convegno rientra nel <strong>progetto di cooperazione &#8220;Rural Hub Calabria&#8221;<\/strong> (<em>Intervento SRG06<\/em>), sostenuto dal <strong>FEASR<\/strong> nell&#8217;ambito del <strong>CSR Calabria 2023-2027<\/strong>, a conferma di come la valorizzazione della Patata della Sila sia oggi parte di una strategia pi\u00f9 ampia di sviluppo rurale, sostenuta con particolare attenzione dalla <strong>Regione Calabria<\/strong>.<\/p>\n<p>Un lavoro di squadra che ha gi\u00e0 prodotto risultati tangibili: un <strong>prodotto IGP solido<\/strong>, una filiera organizzata, un territorio \u2014 quello del <strong>Parco Nazionale della Sila<\/strong> \u2014 che ha saputo fare della propria agricoltura un elemento di attrattivit\u00e0, non solo produttiva ma anche turistica ed enogastronomica.<\/p>\n<p>Il convegno nasce proprio da qui: non per mettere in discussione un modello che funziona, ma per capire come <strong>spingerlo oltre<\/strong>, trasformando ulteriormente la forza identitaria della Patata della Sila in valore economico concreto per chi la coltiva: si parler\u00e0 di come rafforzare ancora di pi\u00f9 il rapporto tra produttori e <strong>Consorzio di Tutela<\/strong>, di come consolidare il potere contrattuale della filiera sui mercati, di come far arrivare ai produttori una quota sempre pi\u00f9 equa del valore generato da un prodotto che i consumatori, ormai, sanno riconoscere e cercare.<\/p>\n<p>Perch\u00e9 \u00e8 proprio questa la carta vincente su cui il territorio sta gi\u00e0 lavorando con determinazione: la <strong>tutela del marchio<\/strong> <strong>IGP<\/strong>, la <strong>tracciabilit\u00e0<\/strong> e la <strong>qualit\u00e0 certificata<\/strong>, che rendono la Patata della Sila un prodotto sempre pi\u00f9 difficile da confondere e sempre pi\u00f9 facile da scegliere, anche a fronte di chi tenta di usarne impropriamente il nome.<\/p>\n<p><strong>Innovazione e sostenibilit\u00e0, le leve gi\u00e0 in campo<\/strong><\/p>\n<p>Anche sul fronte delle sfide pi\u00f9 delicate, a partire dai cambiamenti climatici e dalla gestione della risorsa idrica, la filiera silana non parte da zero: <strong>ARSAC<\/strong> affianca da anni i produttori con assistenza tecnica, ricerca applicata e nuove tecniche colturali, contribuendo a rendere il comparto pi\u00f9 solido e sostenibile, sia dal punto di vista economico che ambientale.<\/p>\n<p>Un lavoro silenzioso ma costante, che il convegno metter\u00e0 finalmente in vetrina.<\/p>\n<p>Stessa attenzione per l&#8217;apertura a nuovi mercati: <strong>dalla GDO alla filiera corta<\/strong>, <strong>dalla ristorazione alla trasformazione<\/strong>, la Patata della Sila ha gi\u00e0 dimostrato di saper intercettare canali diversi e nuovi consumatori.<\/p>\n<p>Il confronto di Celico servir\u00e0 a mettere a sistema queste esperienze e a immaginare i prossimi passi, in un territorio, quello delle aree interne silane, dove agricoltura, paesaggio e turismo camminano ormai insieme.<\/p>\n<p>Il convegno \u00e8 anche l&#8217;occasione per riconoscere pubblicamente il lavoro di chi, ogni giorno, si prende cura di uno dei prodotti calabresi pi\u00f9 riconoscibili in Italia e all&#8217;estero.<\/p>\n<p>Un impegno che unisce competenze diverse, istituzionali, tecniche e produttive, ma un unico obiettivo: far crescere un settore che \u00e8 gi\u00e0 un vanto per la Calabria.<\/p>\n<p>Ad aprire i lavori saranno i saluti istituzionali del sindaco di <strong>Celico<\/strong>, <strong>Matteo Lettieri<\/strong>, e del presidente del <strong>GAL Sila Sviluppo<\/strong>, <strong>Antonio Candalise<\/strong>. Interverranno sul tema: <strong>Pietro Tarasi<\/strong>, presidente del <strong>Consorzio di Tutela Patata della Sila IGP<\/strong>, da anni in prima linea nella difesa e nella promozione del marchio; <strong>Michele Santaniello<\/strong>, agronomo del <strong>Consorzio Patata Produttori Associati<\/strong>, voce diretta di chi vive la produzione sul campo; <strong>Fulvia Michela Caligiuri<\/strong>, direttore generale <strong>ARSAC<\/strong>, punto di riferimento per l&#8217;innovazione e il supporto tecnico alle imprese agricole calabresi; <strong>Liborio Bloise<\/strong>, Commissario straordinario del <strong>Parco della Sila<\/strong>, custode di un territorio che \u00e8 parte integrante dell&#8217;identit\u00e0 del prodotto.<\/p>\n<p>A moderare l\u2019incontro sar\u00e0 il giornalista <strong>Valerio Caparelli<\/strong>, che guider\u00e0 il dibattito attorno a tre parole chiave: <strong>valore<\/strong>, <strong>mercato<\/strong>, <strong>territorio<\/strong>. Le conclusioni sono affidate all&#8217;<strong>Assessore all&#8217;Agricoltura e Risorse Agroalimentari della Regione Calabria<\/strong>, <strong>Gianluca Gallo<\/strong>, a testimonianza dell&#8217;attenzione delle istituzioni regionali verso un comparto strategico per l&#8217;intera Calabria.<\/p>\n","protected":false},"excerpt":{"rendered":"<p>La Patata della Sila protagonista a Celico: venerd\u00ec 4 settembre il convegno &#8220;Filiera, Identit\u00e0 e Futuro&#8221; L\u2019evento nell&#8217;ambito del Lagar\u00f2 Experience \u2013 Festival della Patata della Sila &nbsp; C&#8217;\u00e8 un prodotto, in Calabria, che negli anni \u00e8 riuscito a fare quello che a pochi riesce davvero: trasformare un nome geografico in un marchio riconosciuto, in [&hellip;]<\/p>\n","protected":false},"author":6,"featured_media":18776,"comment_status":"closed","ping_status":"closed","sticky":false,"template":"","format":"standard","meta":{"_et_pb_use_builder":"","_et_pb_old_content":"","_et_gb_content_width":"","footnotes":""},"categories":[948],"tags":[],"class_list":["post-18775","post","type-post","status-publish","format-standard","has-post-thumbnail","hentry","category-attualita","et-has-post-format-content","et_post_format-et-post-format-standard"],"_links":{"self":[{"href":"https:\/\/www.ilquindicinale.com\/sgf\/wp-json\/wp\/v2\/posts\/18775","targetHints":{"allow":["GET"]}}],"collection":[{"href":"https:\/\/www.ilquindicinale.com\/sgf\/wp-json\/wp\/v2\/posts"}],"about":[{"href":"https:\/\/www.ilquindicinale.com\/sgf\/wp-json\/wp\/v2\/types\/post"}],"author":[{"embeddable":true,"href":"https:\/\/www.ilquindicinale.com\/sgf\/wp-json\/wp\/v2\/users\/6"}],"replies":[{"embeddable":true,"href":"https:\/\/www.ilquindicinale.com\/sgf\/wp-json\/wp\/v2\/comments?post=18775"}],"version-history":[{"count":1,"href":"https:\/\/www.ilquindicinale.com\/sgf\/wp-json\/wp\/v2\/posts\/18775\/revisions"}],"predecessor-version":[{"id":18777,"href":"https:\/\/www.ilquindicinale.com\/sgf\/wp-json\/wp\/v2\/posts\/18775\/revisions\/18777"}],"wp:featuredmedia":[{"embeddable":true,"href":"https:\/\/www.ilquindicinale.com\/sgf\/wp-json\/wp\/v2\/media\/18776"}],"wp:attachment":[{"href":"https:\/\/www.ilquindicinale.com\/sgf\/wp-json\/wp\/v2\/media?parent=18775"}],"wp:term":[{"taxonomy":"category","embeddable":true,"href":"https:\/\/www.ilquindicinale.com\/sgf\/wp-json\/wp\/v2\/categories?post=18775"},{"taxonomy":"post_tag","embeddable":true,"href":"https:\/\/www.ilquindicinale.com\/sgf\/wp-json\/wp\/v2\/tags?post=18775"}],"curies":[{"name":"wp","href":"https:\/\/api.w.org\/{rel}","templated":true}]}}