{"id":18764,"date":"2026-08-31T15:19:46","date_gmt":"2026-08-31T15:19:46","guid":{"rendered":"https:\/\/www.ilquindicinale.com\/sgf\/?p=18764"},"modified":"2026-08-31T15:19:46","modified_gmt":"2026-08-31T15:19:46","slug":"comunicato-stampa-scontro-politico-a-lamezia-cariglino-azione-una-citta-presa-in-ostaggio-dalle-passioni-tristi","status":"publish","type":"post","link":"https:\/\/www.ilquindicinale.com\/sgf\/politica\/comunicato-stampa-scontro-politico-a-lamezia-cariglino-azione-una-citta-presa-in-ostaggio-dalle-passioni-tristi\/","title":{"rendered":"COMUNICATO STAMPA  SCONTRO POLITICO A LAMEZIA, CARIGLINO (AZIONE): \u00abUNA CITT\u00c0 PRESA IN OSTAGGIO DALLE PASSIONI TRISTI\u00bb"},"content":{"rendered":"<p><strong>COMUNICATO STAMPA<\/strong><\/p>\n<p><strong>SCONTRO POLITICO A LAMEZIA, CARIGLINO (AZIONE): \u00abUNA CITT\u00c0 PRESA IN OSTAGGIO DALLE PASSIONI TRISTI\u00bb<\/strong><\/p>\n<p><strong>Il presidente del circolo cittadino: \u201c L<\/strong><strong>a domanda decisiva per un cittadino non \u00e8 \u201cchi ha ragione in questa polemica\u201d, ma a beneficio di chi va, realmente, questo conflitto\u201d<\/strong><\/p>\n<p><strong>LAMEZIA TERME (CZ) &#8211;\u00a0 31 AGOSTO 2026 &#8211;<\/strong> \u00abDa giorni osservo, come credo molti lametini, lo scontro politico che si \u00e8 aperto tra il vertice dell&#8217;amministrazione comunale e alcuni suoi ex alleati, dopo la revoca della delega a un&#8217;assessora e la rottura di un pezzo di maggioranza. Dichiarazioni pubbliche, accuse reciproche di slealt\u00e0, e ora persino un esposto in Procura per diffamazione. Ho scelto di non entrare nel merito di chi abbia torto o ragione \u2014 sul piano personale, credo che nessuno dei protagonisti sia realmente interessato a chiarirlo fino in fondo. Preferisco invece fermarmi su una domanda diversa, che mi pare pi\u00f9 utile ai cittadini: che tipo di conoscenza sta guidando questo scontro? Per rispondere, mi sono fatto aiutare da uno strumento che pu\u00f2 sembrare insolito per un intervento politico, ma che trovo sorprendentemente calzante: la teoria degli affetti di Baruch Spinoza\u00bb. Lo afferma Antonello Cariglino, presidente dei circolo di Azione a Lamezia Terme.<\/p>\n<h1><strong>La politica come immaginazione<\/strong><\/h1>\n<p>Cariglino aggiunge: \u00abSpinoza distingueva diversi modi di conoscere la realt\u00e0. Il pi\u00f9 diffuso \u00e8 l&#8217;immaginazione: una conoscenza confusa, fatta di impressioni immediate, di \u201cchi mi ha fatto un torto\u201d e \u201cchi mi \u00e8 ostile\u201d, senza una reale comprensione delle cause profonde degli eventi. \u00c8 il regno delle passioni non comprese \u2014 quelle che, per usare il linguaggio dell&#8217;Ethica, \u201cci posseggono\u201d invece di essere da noi governate.<\/p>\n<p>Guardando le ultime settimane, mi pare che lo scontro lametino abbia esattamente questa struttura: dichiarazioni sui social, accuse di slealt\u00e0, rivendicazioni di appartenenza, ritorsioni verbali. Ciascuna parte vive gli eventi come subiti dall&#8217;altra, senza che nessuno dei protagonisti si fermi davvero a interrogare le cause reali \u2014 che sono quasi sempre pi\u00f9 complesse, e meno eroiche, di come vengono raccontate\u00bb.<\/p>\n<h1><strong>Bene e male come conseguenza, non come causa<\/strong><\/h1>\n<p>Dice ancora Cariglino: \u00abUn punto centrale della filosofia spinoziana \u00e8 che bene e male non sono sostanze oggettive: sono conseguenze del rapporto tra un evento e la forza di chi lo vive. In politica questo si traduce in un rischio molto concreto, che vedo riprodursi in questa vicenda: ci\u00f2 che viene presentato come \u201cil bene della citt\u00e0\u201d \u00e8 troppo spesso, in realt\u00e0, ci\u00f2 che aumenta il potere e la visibilit\u00e0 di una parte in causa \u2014 e viene giudicato buono proprio per questo motivo, non il contrario.<\/p>\n<p>Non credo sia necessariamente malafede. \u00c8 il meccanismo naturale per cui non desideriamo una cosa perch\u00e9 \u00e8 buona, ma la giudichiamo buona perch\u00e9 la desideriamo. Il problema \u00e8 quando questo meccanismo domina il dibattito pubblico: gli equilibri interni ai partiti, le rivendicazioni di poltrone e visibilit\u00e0 in vista di scadenze elettorali pi\u00f9 ampie \u2014 regionali, nazionali \u2014 finiscono per essere rivestiti del linguaggio del \u201cbene comune\u201d, senza esserlo necessariamente\u00bb.<\/p>\n","protected":false},"excerpt":{"rendered":"<p>COMUNICATO STAMPA SCONTRO POLITICO A LAMEZIA, CARIGLINO (AZIONE): \u00abUNA CITT\u00c0 PRESA IN OSTAGGIO DALLE PASSIONI TRISTI\u00bb Il presidente del circolo cittadino: \u201c La domanda decisiva per un cittadino non \u00e8 \u201cchi ha ragione in questa polemica\u201d, ma a beneficio di chi va, realmente, questo conflitto\u201d LAMEZIA TERME (CZ) &#8211;\u00a0 31 AGOSTO 2026 &#8211; \u00abDa giorni [&hellip;]<\/p>\n","protected":false},"author":6,"featured_media":18765,"comment_status":"closed","ping_status":"closed","sticky":false,"template":"","format":"standard","meta":{"_et_pb_use_builder":"","_et_pb_old_content":"","_et_gb_content_width":"","footnotes":""},"categories":[1280],"tags":[],"class_list":["post-18764","post","type-post","status-publish","format-standard","has-post-thumbnail","hentry","category-politica","et-has-post-format-content","et_post_format-et-post-format-standard"],"_links":{"self":[{"href":"https:\/\/www.ilquindicinale.com\/sgf\/wp-json\/wp\/v2\/posts\/18764","targetHints":{"allow":["GET"]}}],"collection":[{"href":"https:\/\/www.ilquindicinale.com\/sgf\/wp-json\/wp\/v2\/posts"}],"about":[{"href":"https:\/\/www.ilquindicinale.com\/sgf\/wp-json\/wp\/v2\/types\/post"}],"author":[{"embeddable":true,"href":"https:\/\/www.ilquindicinale.com\/sgf\/wp-json\/wp\/v2\/users\/6"}],"replies":[{"embeddable":true,"href":"https:\/\/www.ilquindicinale.com\/sgf\/wp-json\/wp\/v2\/comments?post=18764"}],"version-history":[{"count":1,"href":"https:\/\/www.ilquindicinale.com\/sgf\/wp-json\/wp\/v2\/posts\/18764\/revisions"}],"predecessor-version":[{"id":18766,"href":"https:\/\/www.ilquindicinale.com\/sgf\/wp-json\/wp\/v2\/posts\/18764\/revisions\/18766"}],"wp:featuredmedia":[{"embeddable":true,"href":"https:\/\/www.ilquindicinale.com\/sgf\/wp-json\/wp\/v2\/media\/18765"}],"wp:attachment":[{"href":"https:\/\/www.ilquindicinale.com\/sgf\/wp-json\/wp\/v2\/media?parent=18764"}],"wp:term":[{"taxonomy":"category","embeddable":true,"href":"https:\/\/www.ilquindicinale.com\/sgf\/wp-json\/wp\/v2\/categories?post=18764"},{"taxonomy":"post_tag","embeddable":true,"href":"https:\/\/www.ilquindicinale.com\/sgf\/wp-json\/wp\/v2\/tags?post=18764"}],"curies":[{"name":"wp","href":"https:\/\/api.w.org\/{rel}","templated":true}]}}