{"id":18761,"date":"2026-08-31T15:14:24","date_gmt":"2026-08-31T15:14:24","guid":{"rendered":"https:\/\/www.ilquindicinale.com\/sgf\/?p=18761"},"modified":"2026-08-31T15:14:24","modified_gmt":"2026-08-31T15:14:24","slug":"rifondazione-comunista-e-giovani-comunisti-aderiscono-alla-petizione-popolare-contro-lautonomia-differenziata","status":"publish","type":"post","link":"https:\/\/www.ilquindicinale.com\/sgf\/politica\/rifondazione-comunista-e-giovani-comunisti-aderiscono-alla-petizione-popolare-contro-lautonomia-differenziata\/","title":{"rendered":"RIFONDAZIONE COMUNISTA E GIOVANI COMUNISTI ADERISCONO ALLA PETIZIONE POPOLARE CONTRO L\u2019AUTONOMIA DIFFERENZIATA"},"content":{"rendered":"<p><strong>RIFONDAZIONE COMUNISTA E GIOVANI COMUNISTI ADERISCONO ALLA PETIZIONE POPOLARE CONTRO L\u2019AUTONOMIA DIFFERENZIATA<\/strong><\/p>\n<p><strong>Rifondazione Comunista e i Giovani Comunisti della Calabria annunciano la propria formale adesione alla petizione popolare proposta in questi giorni dal Comitato in difesa della Costituzione di Lamezia Terme e dal Tavolo regionale &#8220;No AD\u201d. L&#8217;iniziativa, alla quale abbiamo aderito assieme ad altre forze politiche, ad associazioni, a sindacati\u00a0 si inserisce nel solco della mobilitazione diffusa contro l&#8217;autonomia differenziata e mira a contrastare le pre-intese tra Governo e alcune delle regioni del nord. Una scelta questa iniqua per le regioni meridionali e per la nostra Calabria.<br \/>\nI rappresentanti del partito e dell&#8217;organizzazione giovanile sottolineano come l&#8217;attuazione di queste scellerate scelte\u00a0 rappresentino\u00a0 una minaccia diretta alla tenuta dei servizi essenziali, con particolare riferimento alla sanit\u00e0 pubblica, all&#8217;istruzione e alle infrastrutture locali. Secondo i promotori, si vuole cos\u00ec spaccare ulteriormente il Paese,\u00a0 consolidando le disuguaglianze economiche e sociali a danno dei territori del Sud e della Calabria.<br \/>\nNello specifico, la petizione chiede con forza che anche la nostra Regione, ad iniziare dal Presidente Occhiuto,\u00a0 si opponga chiaramente e formalmente alle preintese in corso tra il Governo e alcune Regioni del Nord, accordi che\u00a0 sottrarranno risorse vitali e porteranno all&#8217;istituzione, di fatto, di un&#8217;Italia a due velocit\u00e0.<br \/>\nSostenere questa petizione popolare \u00e8 un atto di responsabilit\u00e0 democratica e istituzionale, si legge nella nota congiunta di Rifondazione e Giovani Comunisti. \u00c8 fondamentale fare fronte comune per bloccare un progetto che calpesta il principio costituzionale di uguaglianza dei cittadini e che rischia di impoverire irreversibilmente i nostri territori, privandoli del diritto a una sanit\u00e0 giusta e a servizi dignitosi.&#8221;<br \/>\nLa mobilitazione per la raccolta delle firme si articola su un doppio binario: \u00e8 gi\u00e0 possibile firmare online attraverso le piattaforme dedicate e, parallelamente, in questi giorni saranno allestiti banchetti informativi e di raccolta firme in tutte le province della regione.<br \/>\nRifondazione Comunista e i Giovani Comunisti invitano pertanto tutte le calabresi e i calabresi a recarsi presso i banchetti che verranno allestiti e a condividere l&#8217;appello, lanciato con la petizione,\u00a0\u00a0 per dare una risposta corale e determinata in\u00a0 difesa della Costituzione e dell&#8217;unit\u00e0 del Paese.<br \/>\n<\/strong><strong><em><br \/>\nPartito della Rifondazione Comunista e Giovani Comunisti\/e Calabria<\/em><\/strong><strong><\/p>\n<p><\/strong><\/p>\n","protected":false},"excerpt":{"rendered":"<p>RIFONDAZIONE COMUNISTA E GIOVANI COMUNISTI ADERISCONO ALLA PETIZIONE POPOLARE CONTRO L\u2019AUTONOMIA DIFFERENZIATA Rifondazione Comunista e i Giovani Comunisti della Calabria annunciano la propria formale adesione alla petizione popolare proposta in questi giorni dal Comitato in difesa della Costituzione di Lamezia Terme e dal Tavolo regionale &#8220;No AD\u201d. L&#8217;iniziativa, alla quale abbiamo aderito assieme ad altre [&hellip;]<\/p>\n","protected":false},"author":6,"featured_media":18762,"comment_status":"closed","ping_status":"closed","sticky":false,"template":"","format":"standard","meta":{"_et_pb_use_builder":"","_et_pb_old_content":"","_et_gb_content_width":"","footnotes":""},"categories":[1280],"tags":[],"class_list":["post-18761","post","type-post","status-publish","format-standard","has-post-thumbnail","hentry","category-politica","et-has-post-format-content","et_post_format-et-post-format-standard"],"_links":{"self":[{"href":"https:\/\/www.ilquindicinale.com\/sgf\/wp-json\/wp\/v2\/posts\/18761","targetHints":{"allow":["GET"]}}],"collection":[{"href":"https:\/\/www.ilquindicinale.com\/sgf\/wp-json\/wp\/v2\/posts"}],"about":[{"href":"https:\/\/www.ilquindicinale.com\/sgf\/wp-json\/wp\/v2\/types\/post"}],"author":[{"embeddable":true,"href":"https:\/\/www.ilquindicinale.com\/sgf\/wp-json\/wp\/v2\/users\/6"}],"replies":[{"embeddable":true,"href":"https:\/\/www.ilquindicinale.com\/sgf\/wp-json\/wp\/v2\/comments?post=18761"}],"version-history":[{"count":1,"href":"https:\/\/www.ilquindicinale.com\/sgf\/wp-json\/wp\/v2\/posts\/18761\/revisions"}],"predecessor-version":[{"id":18763,"href":"https:\/\/www.ilquindicinale.com\/sgf\/wp-json\/wp\/v2\/posts\/18761\/revisions\/18763"}],"wp:featuredmedia":[{"embeddable":true,"href":"https:\/\/www.ilquindicinale.com\/sgf\/wp-json\/wp\/v2\/media\/18762"}],"wp:attachment":[{"href":"https:\/\/www.ilquindicinale.com\/sgf\/wp-json\/wp\/v2\/media?parent=18761"}],"wp:term":[{"taxonomy":"category","embeddable":true,"href":"https:\/\/www.ilquindicinale.com\/sgf\/wp-json\/wp\/v2\/categories?post=18761"},{"taxonomy":"post_tag","embeddable":true,"href":"https:\/\/www.ilquindicinale.com\/sgf\/wp-json\/wp\/v2\/tags?post=18761"}],"curies":[{"name":"wp","href":"https:\/\/api.w.org\/{rel}","templated":true}]}}